{"id":1807,"date":"2020-11-23T21:59:52","date_gmt":"2020-11-23T20:59:52","guid":{"rendered":"https:\/\/carreau-mayence.de\/?p=1807"},"modified":"2020-11-23T21:59:52","modified_gmt":"2020-11-23T20:59:52","slug":"die-landesversammlung-pvrlp-am-21-11-2020","status":"publish","type":"post","link":"https:\/\/carreau-mayence.de\/?p=1807","title":{"rendered":"Die Landesversammlung PVRLP am 21.11.2020 &#8230;."},"content":{"rendered":"\n<p>&#8230;.. coronabedingt erstmalig virtuell durchgef\u00fchrt und \u00fcber rund sechseinhalb Stunden (!!) war anstrengend und f\u00fcr den PCCM mit unseren beiden Antr\u00e4gen zur \u00c4nderung der Ligaordnung nur teilweise erfolgreich.<\/p>\n\n\n\n<p>Als erstes: gro\u00dfes Lob f\u00fcr Stefan Zwirtz, den PVRLP-Pr\u00e4sidenten, der die Videokonferenz mit anfangs 37 Teilnehmer*innen (=63 Stimmen) souver\u00e4n moderierte und dabei noch seine hochkomplexe Exceltabelle \u00fcber alle Abstimmungen hinweg parallel und live f\u00fchrte. Chapeau !<\/p>\n\n\n\n<p>Ohne auf alle Tagesordnungspunkte einzugehen, die findet Ihr letztlich im Protokoll der Schriftf\u00fchrerin   ===> <a rel=\"noreferrer noopener\" href=\"http:\/\/www.pvrlp.com\/index.php\/protokolle-lv\" target=\"_blank\">http:\/\/www.pvrlp.com\/index.php\/protokolle-lv<\/a><\/p>\n\n\n\n<p>will ich doch kurz auf einige Wortmeldungen zu unseren Antr\u00e4gen eingehen. <\/p>\n\n\n\n<p>.<\/p>\n\n\n\n<p>Dass ab dem 01.01.2021 f\u00fcr Vereine ohne Schiri die Schiedsrichter vom PVRLP gestellt werden, lies sich von meiner Seite nicht vermitteln. Zwar wurde der Ligabetrieb als Fundament des PVRLP bezeichnet, aber gleichzeitig war die Mehrheit nicht bereit, die Beschr\u00e4nkung auf ein Team f\u00fcr Vereine ohne Schiri aufzuheben. Unserer Argumentation, dass dies doch der Liga und dem sportlichen Vergleich qualitativ schadet, konnte die Mehrheit wohl nicht nachvollziehen. Bei den meisten Sportarten werden die Schiris von den Verb\u00e4nden gestellt. Aber halt nicht beim PVRLP (bei aktuell 47 Schiris und 14 Anw\u00e4rter*innen und bereits bestehenden Tagespauschalen f\u00fcr Schiris) !<\/p>\n\n\n\n<p>Das f\u00fcr mich abwegigste Argument kam von einem Vorstandsmitglied. Es sei ja doch &#8222;verarsche&#8220; f\u00fcr alle Vereine, die sukzessive Schiris ausgebildet h\u00e4tten und auch f\u00fcr die Schiris selbst, die sich haben ausbilden lassen,  wenn jetzt k\u00fcnftig der Verband diese stellen solle. Dass ein Verein niemanden zur Schiriausbildung pr\u00fcgeln kann, hat wohl niemand eingesehen. So wurde unser erster Antrag mehrheitlich abgelehnt (2 Ja, 40 Nein, 10 Enth) und es bleibt beim f\u00fcr alle Vereine ohne Schiri uns\u00e4glichen \u00a72 der Ligaordnung. Punkt.<\/p>\n\n\n\n<p>Dagegen wurde unser zweiter Antrag mit gro\u00dfer Mehrheit angenommen (48 Ja, 0 nein, 4 Enth). K\u00fcnftig sind die Lizenzen nicht mehr an die Ligateams gekoppelt, was wiederum vor allem die schirilosen Vereine benachteiligte. Damit kann nun hoffentlich der Mitgliederexodus bei diesen Vereinen gestoppt werden. Alle, die im Verein eine Lizenz wollen, ohne am Ligabetrieb teilzunehmen, erhalten diese auch. Unabh\u00e4ngig von dem\/den gemeldeten Team\/Teams.<\/p>\n\n\n\n<p>Was ist kurz angerissen noch zu sagen:<\/p>\n\n\n\n<ul class=\"wp-block-list\"><li>es gibt ein neues, mit dem DOSB abgestimmtes Boule-Sportabzeichen (3 L\u00dc+ 3 S\u00dc) als Teil der bundesweiten Sportabzeichen bronze, silber, gold<\/li><li>es wird im Januar eine ausserordentliche LV geben; bis dahin wird der PVRLP einen Plan B f\u00fcr den kommenden Ligabetrieb unter Coronabedingungen ausarbeiten<\/li><li>die Lizenzgeb\u00fchren 2021 sollen gesenkt werden, zum Ausgleich f\u00fcr die in 2020 nicht nutzbaren Lizenzen<\/li><li>die Bestandserhebung l\u00e4uft zwar jetzt im November an, mit den Teammeldungen und Lizenzantr\u00e4gen soll aber bis Ende Februar 2021 (Zahlungsverpflichtung 28.02.) flexibel umgegangen  werden<\/li><\/ul>\n\n\n\n<p>Soweit der schnelle \u00dcberblick. Erst heute Montag. Aber ehrlich gesagt, am Sonntag hab ich nicht ein einziges Mal den Laptop angeschmissen. Meine rechteckigen Augen vom Samstag mussten sich erst wieder normalisieren. Sechseinhalb Stunden zoom-Konzentration sind schon anstrengend&#8230;&#8230;.<\/p>\n\n\n\n<p>Bleibt alle gesund und ich hoffe, Ihr habt trotz gesperrter Boulepl\u00e4tze in Mainz Eurer stilles Pl\u00e4tzchen f\u00fcr ein T\u00eate gefunden. Aber auf alle F\u00e4lle dabei Abstand und Hygieneregeln einhalten.<\/p>\n","protected":false},"excerpt":{"rendered":"<p>&#8230;.. coronabedingt erstmalig virtuell durchgef\u00fchrt und \u00fcber rund sechseinhalb Stunden (!!) war anstrengend und f\u00fcr den PCCM mit unseren beiden Antr\u00e4gen zur \u00c4nderung der Ligaordnung nur teilweise erfolgreich. Als erstes:&hellip;<\/p>\n","protected":false},"author":5,"featured_media":0,"comment_status":"open","ping_status":"open","sticky":false,"template":"","format":"standard","meta":{"_bbp_topic_count":0,"_bbp_reply_count":0,"_bbp_total_topic_count":0,"_bbp_total_reply_count":0,"_bbp_voice_count":0,"_bbp_anonymous_reply_count":0,"_bbp_topic_count_hidden":0,"_bbp_reply_count_hidden":0,"_bbp_forum_subforum_count":0,"_jetpack_memberships_contains_paid_content":false,"footnotes":""},"categories":[1],"tags":[],"class_list":["post-1807","post","type-post","status-publish","format-standard","hentry","category-allgemein"],"jetpack_featured_media_url":"","jetpack_sharing_enabled":true,"_links":{"self":[{"href":"https:\/\/carreau-mayence.de\/index.php?rest_route=\/wp\/v2\/posts\/1807","targetHints":{"allow":["GET"]}}],"collection":[{"href":"https:\/\/carreau-mayence.de\/index.php?rest_route=\/wp\/v2\/posts"}],"about":[{"href":"https:\/\/carreau-mayence.de\/index.php?rest_route=\/wp\/v2\/types\/post"}],"author":[{"embeddable":true,"href":"https:\/\/carreau-mayence.de\/index.php?rest_route=\/wp\/v2\/users\/5"}],"replies":[{"embeddable":true,"href":"https:\/\/carreau-mayence.de\/index.php?rest_route=%2Fwp%2Fv2%2Fcomments&post=1807"}],"version-history":[{"count":2,"href":"https:\/\/carreau-mayence.de\/index.php?rest_route=\/wp\/v2\/posts\/1807\/revisions"}],"predecessor-version":[{"id":1809,"href":"https:\/\/carreau-mayence.de\/index.php?rest_route=\/wp\/v2\/posts\/1807\/revisions\/1809"}],"wp:attachment":[{"href":"https:\/\/carreau-mayence.de\/index.php?rest_route=%2Fwp%2Fv2%2Fmedia&parent=1807"}],"wp:term":[{"taxonomy":"category","embeddable":true,"href":"https:\/\/carreau-mayence.de\/index.php?rest_route=%2Fwp%2Fv2%2Fcategories&post=1807"},{"taxonomy":"post_tag","embeddable":true,"href":"https:\/\/carreau-mayence.de\/index.php?rest_route=%2Fwp%2Fv2%2Ftags&post=1807"}],"curies":[{"name":"wp","href":"https:\/\/api.w.org\/{rel}","templated":true}]}}