{"id":3407,"date":"2025-01-26T23:22:42","date_gmt":"2025-01-26T22:22:42","guid":{"rendered":"https:\/\/carreau-mayence.de\/?p=3407"},"modified":"2025-01-27T19:00:16","modified_gmt":"2025-01-27T18:00:16","slug":"bald-beginnen-die-ligaspiele","status":"publish","type":"post","link":"https:\/\/carreau-mayence.de\/?p=3407","title":{"rendered":"Bald beginnen die Ligaspiele!"},"content":{"rendered":"\n<p class=\"has-medium-font-size\">Mit 2 Mannschaften, eine in der Regionalliga und eine in der Bezirksklassse starten wir diese Jahr in die Saison.<\/p>\n\n\n\n<p class=\"has-medium-font-size\">Am 26.01.2025 hatten wir unser erstes Trainingsspiel gegen eine Mannschaft des PSG R\u00fcsselheim.<\/p>\n\n\n\n<figure class=\"wp-block-gallery has-nested-images columns-1 is-cropped wp-block-gallery-1 is-layout-flex wp-block-gallery-is-layout-flex\">\n<figure class=\"wp-block-image size-large\"><img loading=\"lazy\" decoding=\"async\" width=\"1024\" height=\"768\" data-id=\"3410\" src=\"https:\/\/carreau-mayence.de\/wp-content\/uploads\/2025\/01\/IMG-20250126-WA0001-1024x768.jpg\" alt=\"\" class=\"wp-image-3410\" srcset=\"https:\/\/carreau-mayence.de\/wp-content\/uploads\/2025\/01\/IMG-20250126-WA0001-1024x768.jpg 1024w, https:\/\/carreau-mayence.de\/wp-content\/uploads\/2025\/01\/IMG-20250126-WA0001-300x225.jpg 300w, https:\/\/carreau-mayence.de\/wp-content\/uploads\/2025\/01\/IMG-20250126-WA0001-170x128.jpg 170w, https:\/\/carreau-mayence.de\/wp-content\/uploads\/2025\/01\/IMG-20250126-WA0001-768x576.jpg 768w, https:\/\/carreau-mayence.de\/wp-content\/uploads\/2025\/01\/IMG-20250126-WA0001-1536x1152.jpg 1536w, https:\/\/carreau-mayence.de\/wp-content\/uploads\/2025\/01\/IMG-20250126-WA0001-120x90.jpg 120w, https:\/\/carreau-mayence.de\/wp-content\/uploads\/2025\/01\/IMG-20250126-WA0001.jpg 1600w\" sizes=\"auto, (max-width: 1024px) 100vw, 1024px\" \/><\/figure>\n\n\n\n<figure class=\"wp-block-image size-large\"><img loading=\"lazy\" decoding=\"async\" width=\"893\" height=\"1031\" data-id=\"3413\" src=\"https:\/\/carreau-mayence.de\/wp-content\/uploads\/2025\/01\/IMG-20250126-WA0003.jpg\" alt=\"\" class=\"wp-image-3413\" srcset=\"https:\/\/carreau-mayence.de\/wp-content\/uploads\/2025\/01\/IMG-20250126-WA0003.jpg 893w, https:\/\/carreau-mayence.de\/wp-content\/uploads\/2025\/01\/IMG-20250126-WA0003-300x346.jpg 300w, https:\/\/carreau-mayence.de\/wp-content\/uploads\/2025\/01\/IMG-20250126-WA0003-170x196.jpg 170w, https:\/\/carreau-mayence.de\/wp-content\/uploads\/2025\/01\/IMG-20250126-WA0003-768x887.jpg 768w\" sizes=\"auto, (max-width: 893px) 100vw, 893px\" \/><\/figure>\n\n\n\n<figure class=\"wp-block-image size-large\"><img loading=\"lazy\" decoding=\"async\" width=\"1024\" height=\"768\" data-id=\"3411\" src=\"https:\/\/carreau-mayence.de\/wp-content\/uploads\/2025\/01\/IMG-20250126-WA0004-1024x768.jpg\" alt=\"\" class=\"wp-image-3411\" srcset=\"https:\/\/carreau-mayence.de\/wp-content\/uploads\/2025\/01\/IMG-20250126-WA0004-1024x768.jpg 1024w, https:\/\/carreau-mayence.de\/wp-content\/uploads\/2025\/01\/IMG-20250126-WA0004-300x225.jpg 300w, https:\/\/carreau-mayence.de\/wp-content\/uploads\/2025\/01\/IMG-20250126-WA0004-170x128.jpg 170w, https:\/\/carreau-mayence.de\/wp-content\/uploads\/2025\/01\/IMG-20250126-WA0004-768x576.jpg 768w, https:\/\/carreau-mayence.de\/wp-content\/uploads\/2025\/01\/IMG-20250126-WA0004-1536x1152.jpg 1536w, https:\/\/carreau-mayence.de\/wp-content\/uploads\/2025\/01\/IMG-20250126-WA0004-120x90.jpg 120w, https:\/\/carreau-mayence.de\/wp-content\/uploads\/2025\/01\/IMG-20250126-WA0004.jpg 1600w\" sizes=\"auto, (max-width: 1024px) 100vw, 1024px\" \/><\/figure>\n\n\n\n<figure class=\"wp-block-image size-large\"><img loading=\"lazy\" decoding=\"async\" width=\"1024\" height=\"768\" data-id=\"3409\" src=\"https:\/\/carreau-mayence.de\/wp-content\/uploads\/2025\/01\/IMG-20250126-WA0006-1024x768.jpg\" alt=\"\" class=\"wp-image-3409\" srcset=\"https:\/\/carreau-mayence.de\/wp-content\/uploads\/2025\/01\/IMG-20250126-WA0006-1024x768.jpg 1024w, https:\/\/carreau-mayence.de\/wp-content\/uploads\/2025\/01\/IMG-20250126-WA0006-300x225.jpg 300w, https:\/\/carreau-mayence.de\/wp-content\/uploads\/2025\/01\/IMG-20250126-WA0006-170x128.jpg 170w, https:\/\/carreau-mayence.de\/wp-content\/uploads\/2025\/01\/IMG-20250126-WA0006-768x576.jpg 768w, https:\/\/carreau-mayence.de\/wp-content\/uploads\/2025\/01\/IMG-20250126-WA0006-1536x1152.jpg 1536w, https:\/\/carreau-mayence.de\/wp-content\/uploads\/2025\/01\/IMG-20250126-WA0006-120x90.jpg 120w, https:\/\/carreau-mayence.de\/wp-content\/uploads\/2025\/01\/IMG-20250126-WA0006.jpg 1600w\" sizes=\"auto, (max-width: 1024px) 100vw, 1024px\" \/><\/figure>\n\n\n\n<figure class=\"wp-block-image size-large\"><img loading=\"lazy\" decoding=\"async\" width=\"1024\" height=\"768\" data-id=\"3412\" src=\"https:\/\/carreau-mayence.de\/wp-content\/uploads\/2025\/01\/IMG-20250126-WA0009-1024x768.jpg\" alt=\"\" class=\"wp-image-3412\" srcset=\"https:\/\/carreau-mayence.de\/wp-content\/uploads\/2025\/01\/IMG-20250126-WA0009-1024x768.jpg 1024w, https:\/\/carreau-mayence.de\/wp-content\/uploads\/2025\/01\/IMG-20250126-WA0009-300x225.jpg 300w, https:\/\/carreau-mayence.de\/wp-content\/uploads\/2025\/01\/IMG-20250126-WA0009-170x128.jpg 170w, https:\/\/carreau-mayence.de\/wp-content\/uploads\/2025\/01\/IMG-20250126-WA0009-768x576.jpg 768w, https:\/\/carreau-mayence.de\/wp-content\/uploads\/2025\/01\/IMG-20250126-WA0009-1536x1152.jpg 1536w, https:\/\/carreau-mayence.de\/wp-content\/uploads\/2025\/01\/IMG-20250126-WA0009-120x90.jpg 120w, https:\/\/carreau-mayence.de\/wp-content\/uploads\/2025\/01\/IMG-20250126-WA0009.jpg 1600w\" sizes=\"auto, (max-width: 1024px) 100vw, 1024px\" \/><\/figure>\n<figcaption class=\"blocks-gallery-caption wp-element-caption\">Fotos von Verena W. und Elke N.<\/figcaption><\/figure>\n\n\n\n<p class=\"has-text-align-center has-medium-font-size\">In fr\u00f6hlicher Runde beendeten wir einen wundersch\u00f6nen Boulenachmittag und freuen uns alle auf ein R\u00fcckspiel im R\u00fcsselsheimer Ostpark.<\/p>\n","protected":false},"excerpt":{"rendered":"<p>Mit 2 Mannschaften, eine in der Regionalliga und eine in der Bezirksklassse starten wir diese Jahr in die Saison. Am 26.01.2025 hatten wir unser erstes Trainingsspiel gegen eine Mannschaft des&hellip;<\/p>\n","protected":false},"author":8,"featured_media":0,"comment_status":"open","ping_status":"open","sticky":true,"template":"","format":"standard","meta":{"_bbp_topic_count":0,"_bbp_reply_count":0,"_bbp_total_topic_count":0,"_bbp_total_reply_count":0,"_bbp_voice_count":0,"_bbp_anonymous_reply_count":0,"_bbp_topic_count_hidden":0,"_bbp_reply_count_hidden":0,"_bbp_forum_subforum_count":0,"_jetpack_memberships_contains_paid_content":false,"footnotes":""},"categories":[1],"tags":[],"class_list":["post-3407","post","type-post","status-publish","format-standard","hentry","category-allgemein"],"jetpack_featured_media_url":"","jetpack_sharing_enabled":true,"_links":{"self":[{"href":"https:\/\/carreau-mayence.de\/index.php?rest_route=\/wp\/v2\/posts\/3407","targetHints":{"allow":["GET"]}}],"collection":[{"href":"https:\/\/carreau-mayence.de\/index.php?rest_route=\/wp\/v2\/posts"}],"about":[{"href":"https:\/\/carreau-mayence.de\/index.php?rest_route=\/wp\/v2\/types\/post"}],"author":[{"embeddable":true,"href":"https:\/\/carreau-mayence.de\/index.php?rest_route=\/wp\/v2\/users\/8"}],"replies":[{"embeddable":true,"href":"https:\/\/carreau-mayence.de\/index.php?rest_route=%2Fwp%2Fv2%2Fcomments&post=3407"}],"version-history":[{"count":2,"href":"https:\/\/carreau-mayence.de\/index.php?rest_route=\/wp\/v2\/posts\/3407\/revisions"}],"predecessor-version":[{"id":3433,"href":"https:\/\/carreau-mayence.de\/index.php?rest_route=\/wp\/v2\/posts\/3407\/revisions\/3433"}],"wp:attachment":[{"href":"https:\/\/carreau-mayence.de\/index.php?rest_route=%2Fwp%2Fv2%2Fmedia&parent=3407"}],"wp:term":[{"taxonomy":"category","embeddable":true,"href":"https:\/\/carreau-mayence.de\/index.php?rest_route=%2Fwp%2Fv2%2Fcategories&post=3407"},{"taxonomy":"post_tag","embeddable":true,"href":"https:\/\/carreau-mayence.de\/index.php?rest_route=%2Fwp%2Fv2%2Ftags&post=3407"}],"curies":[{"name":"wp","href":"https:\/\/api.w.org\/{rel}","templated":true}]}}