{"id":3886,"date":"2026-01-07T10:49:37","date_gmt":"2026-01-07T09:49:37","guid":{"rendered":"https:\/\/carreau-mayence.de\/?p=3886"},"modified":"2026-01-07T11:06:19","modified_gmt":"2026-01-07T10:06:19","slug":"ligatraining-beginnt","status":"publish","type":"post","link":"https:\/\/carreau-mayence.de\/?p=3886","title":{"rendered":"Ligatraining beginnt!"},"content":{"rendered":"\n<p class=\"has-text-align-center has-medium-font-size\"><strong>Start in die neue Boulesaison<\/strong><\/p>\n\n\n\n<p class=\"has-text-align-center\"><strong>Liebe Boulefreunde,<\/strong><\/p>\n\n\n\n<p class=\"has-text-align-center\"><strong>wir hoffen, ihr seid gut ins neue Jahr gestartet und freut euch auf die kommende Boulesaison! Trotz K\u00e4lte und Dunkelheit wurde im Volkspark flei\u00dfig weiter-gespielt.<\/strong><\/p>\n\n\n\n<p class=\"has-text-align-center\">Die Hauptsaison und damit auch die Ligazeit r\u00fccken n\u00e4her. In diesem Jahr ist der PCCM wieder mit zwei Mannschaften vertreten:<\/p>\n\n\n\n<p class=\"has-text-align-center\">Die 1. Mannschaft spielt in der Regionalliga, die 2. in der Bezirksklasse. Au\u00dferdem nehmen wir erneut an der Pokalrunde teil. Entsprechend hei\u00dft es jetzt: trainieren, \u00fcben und besser werden!<\/p>\n\n\n\n<p class=\"has-text-align-center\"><a><strong>Der Freitag bleibt daher unser fester Trainingstag f\u00fcr \u00dcbungen und Spielpraxis. Da dies allein nicht immer ausreicht, bitten wir um Verst\u00e4ndnis, wenn sich<\/strong><\/a><\/p>\n\n\n\n<p class=\"has-text-align-center\"><strong>Ligaspieler gelegentlich auch an anderen Tagen zu Trainings- oder Spielgruppen zusammenfinden.<\/strong><\/p>\n\n\n\n<p class=\"has-text-align-center\"><strong>Vielen Dank f\u00fcr euer Verst\u00e4ndnis \u2013 wir freuen uns auf eine tolle Saison mit euch!<\/strong><\/p>\n\n\n\n<p class=\"has-text-align-center\"><em>Mit sportlichen Gr\u00fc\u00dfen im Namen aller Ligaspielerinnen und Ligaspieler sowie des Vorstands<\/em><\/p>\n\n\n\n<p class=\"has-text-align-center\"><em>Bea<\/em><\/p>\n","protected":false},"excerpt":{"rendered":"<p>Start in die neue Boulesaison Liebe Boulefreunde, wir hoffen, ihr seid gut ins neue Jahr gestartet und freut euch auf die kommende Boulesaison! Trotz K\u00e4lte und Dunkelheit wurde im Volkspark&hellip;<\/p>\n","protected":false},"author":8,"featured_media":0,"comment_status":"open","ping_status":"open","sticky":true,"template":"","format":"standard","meta":{"_bbp_topic_count":0,"_bbp_reply_count":0,"_bbp_total_topic_count":0,"_bbp_total_reply_count":0,"_bbp_voice_count":0,"_bbp_anonymous_reply_count":0,"_bbp_topic_count_hidden":0,"_bbp_reply_count_hidden":0,"_bbp_forum_subforum_count":0,"_jetpack_memberships_contains_paid_content":false,"footnotes":""},"categories":[1],"tags":[],"class_list":["post-3886","post","type-post","status-publish","format-standard","hentry","category-allgemein"],"jetpack_featured_media_url":"","jetpack_sharing_enabled":true,"_links":{"self":[{"href":"https:\/\/carreau-mayence.de\/index.php?rest_route=\/wp\/v2\/posts\/3886","targetHints":{"allow":["GET"]}}],"collection":[{"href":"https:\/\/carreau-mayence.de\/index.php?rest_route=\/wp\/v2\/posts"}],"about":[{"href":"https:\/\/carreau-mayence.de\/index.php?rest_route=\/wp\/v2\/types\/post"}],"author":[{"embeddable":true,"href":"https:\/\/carreau-mayence.de\/index.php?rest_route=\/wp\/v2\/users\/8"}],"replies":[{"embeddable":true,"href":"https:\/\/carreau-mayence.de\/index.php?rest_route=%2Fwp%2Fv2%2Fcomments&post=3886"}],"version-history":[{"count":2,"href":"https:\/\/carreau-mayence.de\/index.php?rest_route=\/wp\/v2\/posts\/3886\/revisions"}],"predecessor-version":[{"id":3890,"href":"https:\/\/carreau-mayence.de\/index.php?rest_route=\/wp\/v2\/posts\/3886\/revisions\/3890"}],"wp:attachment":[{"href":"https:\/\/carreau-mayence.de\/index.php?rest_route=%2Fwp%2Fv2%2Fmedia&parent=3886"}],"wp:term":[{"taxonomy":"category","embeddable":true,"href":"https:\/\/carreau-mayence.de\/index.php?rest_route=%2Fwp%2Fv2%2Fcategories&post=3886"},{"taxonomy":"post_tag","embeddable":true,"href":"https:\/\/carreau-mayence.de\/index.php?rest_route=%2Fwp%2Fv2%2Ftags&post=3886"}],"curies":[{"name":"wp","href":"https:\/\/api.w.org\/{rel}","templated":true}]}}