{"id":4210,"date":"2026-03-08T10:21:41","date_gmt":"2026-03-08T09:21:41","guid":{"rendered":"https:\/\/carreau-mayence.de\/?p=4210"},"modified":"2026-03-08T10:23:01","modified_gmt":"2026-03-08T09:23:01","slug":"freundschaftsspiele-in-ruesselsheim-beim-psg-am-07-03-2026","status":"publish","type":"post","link":"https:\/\/carreau-mayence.de\/?p=4210","title":{"rendered":"Freundschaftsspiele in R\u00fcsselsheim beim PSG am 07.03.2026"},"content":{"rendered":"\n<figure class=\"wp-block-gallery has-nested-images columns-default is-cropped wp-block-gallery-1 is-layout-flex wp-block-gallery-is-layout-flex\">\n<figure class=\"wp-block-image size-large\"><img loading=\"lazy\" decoding=\"async\" width=\"1024\" height=\"473\" data-id=\"4211\" src=\"https:\/\/carreau-mayence.de\/wp-content\/uploads\/2026\/03\/WhatsApp-Image-2026-03-08-at-08.52.43-1024x473.jpeg\" alt=\"\" class=\"wp-image-4211\" srcset=\"https:\/\/carreau-mayence.de\/wp-content\/uploads\/2026\/03\/WhatsApp-Image-2026-03-08-at-08.52.43-1024x473.jpeg 1024w, https:\/\/carreau-mayence.de\/wp-content\/uploads\/2026\/03\/WhatsApp-Image-2026-03-08-at-08.52.43-300x139.jpeg 300w, https:\/\/carreau-mayence.de\/wp-content\/uploads\/2026\/03\/WhatsApp-Image-2026-03-08-at-08.52.43-170x79.jpeg 170w, https:\/\/carreau-mayence.de\/wp-content\/uploads\/2026\/03\/WhatsApp-Image-2026-03-08-at-08.52.43-768x355.jpeg 768w, https:\/\/carreau-mayence.de\/wp-content\/uploads\/2026\/03\/WhatsApp-Image-2026-03-08-at-08.52.43-1536x710.jpeg 1536w, https:\/\/carreau-mayence.de\/wp-content\/uploads\/2026\/03\/WhatsApp-Image-2026-03-08-at-08.52.43.jpeg 1988w\" sizes=\"auto, (max-width: 1024px) 100vw, 1024px\" \/><\/figure>\n<\/figure>\n\n\n\n<figure class=\"wp-block-gallery has-nested-images columns-default is-cropped wp-block-gallery-2 is-layout-flex wp-block-gallery-is-layout-flex\">\n<figure class=\"wp-block-image size-large\"><img loading=\"lazy\" decoding=\"async\" width=\"1024\" height=\"492\" data-id=\"4212\" src=\"https:\/\/carreau-mayence.de\/wp-content\/uploads\/2026\/03\/WhatsApp-Image-2026-03-08-at-08.52.43-1-1024x492.jpeg\" alt=\"\" class=\"wp-image-4212\" srcset=\"https:\/\/carreau-mayence.de\/wp-content\/uploads\/2026\/03\/WhatsApp-Image-2026-03-08-at-08.52.43-1-1024x492.jpeg 1024w, https:\/\/carreau-mayence.de\/wp-content\/uploads\/2026\/03\/WhatsApp-Image-2026-03-08-at-08.52.43-1-300x144.jpeg 300w, https:\/\/carreau-mayence.de\/wp-content\/uploads\/2026\/03\/WhatsApp-Image-2026-03-08-at-08.52.43-1-170x82.jpeg 170w, https:\/\/carreau-mayence.de\/wp-content\/uploads\/2026\/03\/WhatsApp-Image-2026-03-08-at-08.52.43-1-768x369.jpeg 768w, https:\/\/carreau-mayence.de\/wp-content\/uploads\/2026\/03\/WhatsApp-Image-2026-03-08-at-08.52.43-1-1536x738.jpeg 1536w, https:\/\/carreau-mayence.de\/wp-content\/uploads\/2026\/03\/WhatsApp-Image-2026-03-08-at-08.52.43-1.jpeg 1560w\" sizes=\"auto, (max-width: 1024px) 100vw, 1024px\" \/><\/figure>\n<\/figure>\n\n\n\n<p>Spannende Spiele zur Vorbereitung auf die Ligasaison zwischen PSG-R\u00fcsselheim, Klein-Gerau, PCCM1 und PCCM 2 bei herrlichem Fr\u00fchlingswetter im Ostpark. Danke an Gerhard f\u00fcr die Organisation und das Team f\u00fcr Kaffee und Kuchen!<\/p>\n\n\n\n<p><\/p>\n","protected":false},"excerpt":{"rendered":"<p>Spannende Spiele zur Vorbereitung auf die Ligasaison zwischen PSG-R\u00fcsselheim, Klein-Gerau, PCCM1 und PCCM 2 bei herrlichem Fr\u00fchlingswetter im Ostpark. Danke an Gerhard f\u00fcr die Organisation und das Team f\u00fcr Kaffee&hellip;<\/p>\n","protected":false},"author":8,"featured_media":0,"comment_status":"open","ping_status":"open","sticky":true,"template":"","format":"standard","meta":{"_bbp_topic_count":0,"_bbp_reply_count":0,"_bbp_total_topic_count":0,"_bbp_total_reply_count":0,"_bbp_voice_count":0,"_bbp_anonymous_reply_count":0,"_bbp_topic_count_hidden":0,"_bbp_reply_count_hidden":0,"_bbp_forum_subforum_count":0,"_jetpack_memberships_contains_paid_content":false,"footnotes":""},"categories":[1],"tags":[],"class_list":["post-4210","post","type-post","status-publish","format-standard","hentry","category-allgemein"],"jetpack_featured_media_url":"","jetpack_sharing_enabled":true,"_links":{"self":[{"href":"https:\/\/carreau-mayence.de\/index.php?rest_route=\/wp\/v2\/posts\/4210","targetHints":{"allow":["GET"]}}],"collection":[{"href":"https:\/\/carreau-mayence.de\/index.php?rest_route=\/wp\/v2\/posts"}],"about":[{"href":"https:\/\/carreau-mayence.de\/index.php?rest_route=\/wp\/v2\/types\/post"}],"author":[{"embeddable":true,"href":"https:\/\/carreau-mayence.de\/index.php?rest_route=\/wp\/v2\/users\/8"}],"replies":[{"embeddable":true,"href":"https:\/\/carreau-mayence.de\/index.php?rest_route=%2Fwp%2Fv2%2Fcomments&post=4210"}],"version-history":[{"count":1,"href":"https:\/\/carreau-mayence.de\/index.php?rest_route=\/wp\/v2\/posts\/4210\/revisions"}],"predecessor-version":[{"id":4213,"href":"https:\/\/carreau-mayence.de\/index.php?rest_route=\/wp\/v2\/posts\/4210\/revisions\/4213"}],"wp:attachment":[{"href":"https:\/\/carreau-mayence.de\/index.php?rest_route=%2Fwp%2Fv2%2Fmedia&parent=4210"}],"wp:term":[{"taxonomy":"category","embeddable":true,"href":"https:\/\/carreau-mayence.de\/index.php?rest_route=%2Fwp%2Fv2%2Fcategories&post=4210"},{"taxonomy":"post_tag","embeddable":true,"href":"https:\/\/carreau-mayence.de\/index.php?rest_route=%2Fwp%2Fv2%2Ftags&post=4210"}],"curies":[{"name":"wp","href":"https:\/\/api.w.org\/{rel}","templated":true}]}}